{"@context":"https:\/\/schema.org\/","@type":"CollectionPage","@id":"https:\/\/www.letmein.at\/auto\/#CollectionPage","headline":"Auto Category","description":"","url":"https:\/\/www.letmein.at\/auto\/","hasPart":[{"@type":"Article","@id":"https:\/\/www.letmein.at\/steigern-sie-die-leistung-ihres-autos\/","headline":"Steigern Sie die Leistung Ihres Autos","url":"https:\/\/www.letmein.at\/steigern-sie-die-leistung-ihres-autos\/","datePublished":"2024-03-29","dateModified":"2024-03-29","mainEntityOfPage":"https:\/\/www.letmein.at\/steigern-sie-die-leistung-ihres-autos\/","author":{"@type":"Person","@id":"https:\/\/www.letmein.at\/author\/devene\/#Person","name":"devene","url":"https:\/\/www.letmein.at\/author\/devene\/","identifier":1,"image":{"@type":"ImageObject","@id":"https:\/\/secure.gravatar.com\/avatar\/739bdad9092f7204ebf16dfadfb581e3e92e1ade2f5cc299a7779b7760a7d2fc?s=96&d=mm&r=g","url":"https:\/\/secure.gravatar.com\/avatar\/739bdad9092f7204ebf16dfadfb581e3e92e1ade2f5cc299a7779b7760a7d2fc?s=96&d=mm&r=g","height":96,"width":96}},"publisher":{"@type":"Organization","name":"letmein.at","logo":{"@type":"ImageObject","@id":"\/logo.png","url":"\/logo.png","width":600,"height":60}},"image":null,"keywords":null},{"@type":"Article","@id":"https:\/\/www.letmein.at\/soll-ich-ein-auto-kaufen-oder-leasen\/","headline":"Soll ich ein Auto kaufen oder leasen?","url":"https:\/\/www.letmein.at\/soll-ich-ein-auto-kaufen-oder-leasen\/","datePublished":"2024-02-06","dateModified":"2024-02-06","mainEntityOfPage":"https:\/\/www.letmein.at\/soll-ich-ein-auto-kaufen-oder-leasen\/","author":{"@type":"Person","@id":"https:\/\/www.letmein.at\/author\/devene\/#Person","name":"devene","url":"https:\/\/www.letmein.at\/author\/devene\/","identifier":1,"image":{"@type":"ImageObject","@id":"https:\/\/secure.gravatar.com\/avatar\/739bdad9092f7204ebf16dfadfb581e3e92e1ade2f5cc299a7779b7760a7d2fc?s=96&d=mm&r=g","url":"https:\/\/secure.gravatar.com\/avatar\/739bdad9092f7204ebf16dfadfb581e3e92e1ade2f5cc299a7779b7760a7d2fc?s=96&d=mm&r=g","height":96,"width":96}},"publisher":{"@type":"Organization","name":"letmein.at","logo":{"@type":"ImageObject","@id":"\/logo.png","url":"\/logo.png","width":600,"height":60}},"image":null,"keywords":null},{"@type":"Article","@id":"https:\/\/www.letmein.at\/wie-kann-ich-mein-mobiltelefon-wahrend-des-fahrens-benutzen\/","headline":"Wie kann ich mein Mobiltelefon w\u00e4hrend des Fahrens benutzen?","url":"https:\/\/www.letmein.at\/wie-kann-ich-mein-mobiltelefon-wahrend-des-fahrens-benutzen\/","datePublished":"2023-11-16","dateModified":"2023-11-16","mainEntityOfPage":"https:\/\/www.letmein.at\/wie-kann-ich-mein-mobiltelefon-wahrend-des-fahrens-benutzen\/","author":{"@type":"Person","@id":"https:\/\/www.letmein.at\/author\/devene\/#Person","name":"devene","url":"https:\/\/www.letmein.at\/author\/devene\/","identifier":1,"image":{"@type":"ImageObject","@id":"https:\/\/secure.gravatar.com\/avatar\/739bdad9092f7204ebf16dfadfb581e3e92e1ade2f5cc299a7779b7760a7d2fc?s=96&d=mm&r=g","url":"https:\/\/secure.gravatar.com\/avatar\/739bdad9092f7204ebf16dfadfb581e3e92e1ade2f5cc299a7779b7760a7d2fc?s=96&d=mm&r=g","height":96,"width":96}},"publisher":{"@type":"Organization","name":"letmein.at","logo":{"@type":"ImageObject","@id":"\/logo.png","url":"\/logo.png","width":600,"height":60}},"image":{"@type":"ImageObject","@id":"https:\/\/www.letmein.at\/wp-content\/uploads\/img_a373155_w4371_t1584613342.jpg","url":"https:\/\/www.letmein.at\/wp-content\/uploads\/img_a373155_w4371_t1584613342.jpg","height":0,"width":0},"keywords":null},{"@type":"Article","@id":"https:\/\/www.letmein.at\/cleneni-osobnich-automobilu\/","headline":"\u010clen\u011bn\u00ed osobn\u00edch automobil\u016f","url":"https:\/\/www.letmein.at\/cleneni-osobnich-automobilu\/","datePublished":"2023-09-14","dateModified":"2023-09-14","mainEntityOfPage":"https:\/\/www.letmein.at\/cleneni-osobnich-automobilu\/","author":{"@type":"Person","@id":"https:\/\/www.letmein.at\/author\/devene\/#Person","name":"devene","url":"https:\/\/www.letmein.at\/author\/devene\/","identifier":1,"image":{"@type":"ImageObject","@id":"https:\/\/secure.gravatar.com\/avatar\/739bdad9092f7204ebf16dfadfb581e3e92e1ade2f5cc299a7779b7760a7d2fc?s=96&d=mm&r=g","url":"https:\/\/secure.gravatar.com\/avatar\/739bdad9092f7204ebf16dfadfb581e3e92e1ade2f5cc299a7779b7760a7d2fc?s=96&d=mm&r=g","height":96,"width":96}},"publisher":{"@type":"Organization","name":"letmein.at","logo":{"@type":"ImageObject","@id":"\/logo.png","url":"\/logo.png","width":600,"height":60}},"image":{"@type":"ImageObject","@id":"https:\/\/www.letmein.at\/wp-content\/uploads\/v%C5%AFz%20star%C5%A1%C3%AD.JPG","url":"https:\/\/www.letmein.at\/wp-content\/uploads\/v%C5%AFz%20star%C5%A1%C3%AD.JPG","height":0,"width":0},"keywords":null},{"@type":"Article","@id":"https:\/\/www.letmein.at\/wie-halten-sie-ihr-auto-sauber\/","headline":"Wie halten Sie Ihr Auto sauber?","url":"https:\/\/www.letmein.at\/wie-halten-sie-ihr-auto-sauber\/","datePublished":"2023-05-11","dateModified":"2023-05-11","mainEntityOfPage":"https:\/\/www.letmein.at\/wie-halten-sie-ihr-auto-sauber\/","author":{"@type":"Person","@id":"https:\/\/www.letmein.at\/author\/devene\/#Person","name":"devene","url":"https:\/\/www.letmein.at\/author\/devene\/","identifier":1,"image":{"@type":"ImageObject","@id":"https:\/\/secure.gravatar.com\/avatar\/739bdad9092f7204ebf16dfadfb581e3e92e1ade2f5cc299a7779b7760a7d2fc?s=96&d=mm&r=g","url":"https:\/\/secure.gravatar.com\/avatar\/739bdad9092f7204ebf16dfadfb581e3e92e1ade2f5cc299a7779b7760a7d2fc?s=96&d=mm&r=g","height":96,"width":96}},"publisher":{"@type":"Organization","name":"letmein.at","logo":{"@type":"ImageObject","@id":"\/logo.png","url":"\/logo.png","width":600,"height":60}},"image":{"@type":"ImageObject","@id":"https:\/\/www.letmein.at\/wp-content\/uploads\/img_a368241_w4377_t1580483942.jpg","url":"https:\/\/www.letmein.at\/wp-content\/uploads\/img_a368241_w4377_t1580483942.jpg","height":0,"width":0},"keywords":null},{"@type":"Article","@id":"https:\/\/www.letmein.at\/pflegen-sie-ihr-auto-gut\/","headline":"Pflegen Sie Ihr Auto gut","url":"https:\/\/www.letmein.at\/pflegen-sie-ihr-auto-gut\/","datePublished":"2023-02-08","dateModified":"2023-02-08","mainEntityOfPage":"https:\/\/www.letmein.at\/pflegen-sie-ihr-auto-gut\/","author":{"@type":"Person","@id":"https:\/\/www.letmein.at\/author\/devene\/#Person","name":"devene","url":"https:\/\/www.letmein.at\/author\/devene\/","identifier":1,"image":{"@type":"ImageObject","@id":"https:\/\/secure.gravatar.com\/avatar\/739bdad9092f7204ebf16dfadfb581e3e92e1ade2f5cc299a7779b7760a7d2fc?s=96&d=mm&r=g","url":"https:\/\/secure.gravatar.com\/avatar\/739bdad9092f7204ebf16dfadfb581e3e92e1ade2f5cc299a7779b7760a7d2fc?s=96&d=mm&r=g","height":96,"width":96}},"publisher":{"@type":"Organization","name":"letmein.at","logo":{"@type":"ImageObject","@id":"\/logo.png","url":"\/logo.png","width":600,"height":60}},"image":{"@type":"ImageObject","@id":"https:\/\/www.letmein.at\/wp-content\/uploads\/v%C5%AFz%20modern%C3%AD_1.JPG","url":"https:\/\/www.letmein.at\/wp-content\/uploads\/v%C5%AFz%20modern%C3%AD_1.JPG","height":0,"width":0},"keywords":null},{"@type":"Article","@id":"https:\/\/www.letmein.at\/ich-habe-ein-auto\/","headline":"Ich habe ein Auto","url":"https:\/\/www.letmein.at\/ich-habe-ein-auto\/","datePublished":"2022-09-07","dateModified":"2022-09-07","mainEntityOfPage":"https:\/\/www.letmein.at\/ich-habe-ein-auto\/","author":{"@type":"Person","@id":"https:\/\/www.letmein.at\/author\/devene\/#Person","name":"devene","url":"https:\/\/www.letmein.at\/author\/devene\/","identifier":1,"image":{"@type":"ImageObject","@id":"https:\/\/secure.gravatar.com\/avatar\/739bdad9092f7204ebf16dfadfb581e3e92e1ade2f5cc299a7779b7760a7d2fc?s=96&d=mm&r=g","url":"https:\/\/secure.gravatar.com\/avatar\/739bdad9092f7204ebf16dfadfb581e3e92e1ade2f5cc299a7779b7760a7d2fc?s=96&d=mm&r=g","height":96,"width":96}},"publisher":{"@type":"Organization","name":"letmein.at","logo":{"@type":"ImageObject","@id":"\/logo.png","url":"\/logo.png","width":600,"height":60}},"image":{"@type":"ImageObject","@id":"https:\/\/www.letmein.at\/wp-content\/uploads\/girl-7429134_1280.jpg","url":"https:\/\/www.letmein.at\/wp-content\/uploads\/girl-7429134_1280.jpg","height":0,"width":0},"keywords":null},{"@type":"Article","@id":"https:\/\/www.letmein.at\/leistungsstarker-aber-etwas-retro-lada-niva\/","headline":"Leistungsstarker, aber etwas retro Lada Niva","url":"https:\/\/www.letmein.at\/leistungsstarker-aber-etwas-retro-lada-niva\/","datePublished":"2022-07-08","dateModified":"2022-07-08","mainEntityOfPage":"https:\/\/www.letmein.at\/leistungsstarker-aber-etwas-retro-lada-niva\/","author":{"@type":"Person","@id":"https:\/\/www.letmein.at\/author\/devene\/#Person","name":"devene","url":"https:\/\/www.letmein.at\/author\/devene\/","identifier":1,"image":{"@type":"ImageObject","@id":"https:\/\/secure.gravatar.com\/avatar\/739bdad9092f7204ebf16dfadfb581e3e92e1ade2f5cc299a7779b7760a7d2fc?s=96&d=mm&r=g","url":"https:\/\/secure.gravatar.com\/avatar\/739bdad9092f7204ebf16dfadfb581e3e92e1ade2f5cc299a7779b7760a7d2fc?s=96&d=mm&r=g","height":96,"width":96}},"publisher":{"@type":"Organization","name":"letmein.at","logo":{"@type":"ImageObject","@id":"\/logo.png","url":"\/logo.png","width":600,"height":60}},"image":{"@type":"ImageObject","@id":"https:\/\/www.letmein.at\/wp-content\/uploads\/img_a361757_w3659_t1574875237.jpg","url":"https:\/\/www.letmein.at\/wp-content\/uploads\/img_a361757_w3659_t1574875237.jpg","height":0,"width":0},"keywords":null},{"@type":"Article","@id":"https:\/\/www.letmein.at\/was-ist-das-leben-mit-elektrofahrzeugen\/","headline":"Was ist das Leben mit Elektrofahrzeugen?","url":"https:\/\/www.letmein.at\/was-ist-das-leben-mit-elektrofahrzeugen\/","datePublished":"2022-07-04","dateModified":"2022-07-04","mainEntityOfPage":"https:\/\/www.letmein.at\/was-ist-das-leben-mit-elektrofahrzeugen\/","author":{"@type":"Person","@id":"https:\/\/www.letmein.at\/author\/devene\/#Person","name":"devene","url":"https:\/\/www.letmein.at\/author\/devene\/","identifier":1,"image":{"@type":"ImageObject","@id":"https:\/\/secure.gravatar.com\/avatar\/739bdad9092f7204ebf16dfadfb581e3e92e1ade2f5cc299a7779b7760a7d2fc?s=96&d=mm&r=g","url":"https:\/\/secure.gravatar.com\/avatar\/739bdad9092f7204ebf16dfadfb581e3e92e1ade2f5cc299a7779b7760a7d2fc?s=96&d=mm&r=g","height":96,"width":96}},"publisher":{"@type":"Organization","name":"letmein.at","logo":{"@type":"ImageObject","@id":"\/logo.png","url":"\/logo.png","width":600,"height":60}},"image":{"@type":"ImageObject","@id":"https:\/\/www.letmein.at\/wp-content\/uploads\/img_a353167_w3816_t1567348514.jpg","url":"https:\/\/www.letmein.at\/wp-content\/uploads\/img_a353167_w3816_t1567348514.jpg","height":0,"width":0},"keywords":null},{"@type":"Article","@id":"https:\/\/www.letmein.at\/einsteigen-in-das-erste-auto\/","headline":"Einsteigen in das erste Auto","url":"https:\/\/www.letmein.at\/einsteigen-in-das-erste-auto\/","datePublished":"2022-06-30","dateModified":"2022-06-30","mainEntityOfPage":"https:\/\/www.letmein.at\/einsteigen-in-das-erste-auto\/","author":{"@type":"Person","@id":"https:\/\/www.letmein.at\/author\/devene\/#Person","name":"devene","url":"https:\/\/www.letmein.at\/author\/devene\/","identifier":1,"image":{"@type":"ImageObject","@id":"https:\/\/secure.gravatar.com\/avatar\/739bdad9092f7204ebf16dfadfb581e3e92e1ade2f5cc299a7779b7760a7d2fc?s=96&d=mm&r=g","url":"https:\/\/secure.gravatar.com\/avatar\/739bdad9092f7204ebf16dfadfb581e3e92e1ade2f5cc299a7779b7760a7d2fc?s=96&d=mm&r=g","height":96,"width":96}},"publisher":{"@type":"Organization","name":"letmein.at","logo":{"@type":"ImageObject","@id":"\/logo.png","url":"\/logo.png","width":600,"height":60}},"image":{"@type":"ImageObject","@id":"https:\/\/www.letmein.at\/wp-content\/uploads\/car-604019_640_10_6.jpg","url":"https:\/\/www.letmein.at\/wp-content\/uploads\/car-604019_640_10_6.jpg","height":0,"width":0},"keywords":null}]}