[{"@context":"https:\/\/schema.org\/","@type":"Article","@id":"https:\/\/www.letmein.at\/der-verkauf-ist-verboten\/#Article","mainEntityOfPage":"https:\/\/www.letmein.at\/der-verkauf-ist-verboten\/","headline":"Der Verkauf ist verboten","name":"Der Verkauf ist verboten","description":"Bisher durften Gesch\u00e4fte, die gr\u00f6\u00dfer als 200 Quadratmeter waren, nicht ge\u00f6ffnet werden. Dies wird sich jedoch in Zukunft wahrscheinlich \u00e4ndern, da einige Regierungsparteien ein Verkaufsverbot bef\u00fcrworten, das jedoch gr\u00f6\u00dfere Gesch\u00e4fte nicht betreffen d\u00fcrfte; ein Vorschlag vom Januar, das derzeitige Verbot der Laden\u00f6ffnung aufzuheben, fand nicht die Unterst\u00fctzung fast aller Regierungsparteien. Wenn der neue Vorschlag angenommen [&hellip;]","datePublished":"2022-05-06","dateModified":"2022-05-06","author":{"@type":"Person","@id":"https:\/\/www.letmein.at\/author\/devene\/#Person","name":"devene","url":"https:\/\/www.letmein.at\/author\/devene\/","identifier":1,"image":{"@type":"ImageObject","@id":"https:\/\/secure.gravatar.com\/avatar\/739bdad9092f7204ebf16dfadfb581e3e92e1ade2f5cc299a7779b7760a7d2fc?s=96&d=mm&r=g","url":"https:\/\/secure.gravatar.com\/avatar\/739bdad9092f7204ebf16dfadfb581e3e92e1ade2f5cc299a7779b7760a7d2fc?s=96&d=mm&r=g","height":96,"width":96}},"publisher":{"@type":"Organization","name":"letmein.at","logo":{"@type":"ImageObject","@id":"\/logo.png","url":"\/logo.png","width":600,"height":60}},"image":{"@type":"ImageObject","@id":"https:\/\/www.letmein.at\/wp-content\/uploads\/img_a319167_w2362_t1530036107.jpg","url":"https:\/\/www.letmein.at\/wp-content\/uploads\/img_a319167_w2362_t1530036107.jpg","height":0,"width":0},"url":"https:\/\/www.letmein.at\/der-verkauf-ist-verboten\/","about":["Wirtschaft"],"wordCount":298,"articleBody":"Bisher durften Gesch\u00e4fte, die gr\u00f6\u00dfer als 200 Quadratmeter waren, nicht ge\u00f6ffnet werden. Dies wird sich jedoch in Zukunft wahrscheinlich \u00e4ndern, da einige Regierungsparteien ein Verkaufsverbot bef\u00fcrworten, das jedoch gr\u00f6\u00dfere Gesch\u00e4fte nicht betreffen d\u00fcrfte; ein Vorschlag vom Januar, das derzeitige Verbot der Laden\u00f6ffnung aufzuheben, fand nicht die Unterst\u00fctzung fast aller Regierungsparteien. Wenn der neue Vorschlag angenommen und vom Pr\u00e4sidenten selbst genehmigt wird, wird er Anfang 2019 in Kraft treten.Wen bedrohen die derzeitige Situation und die Vorschriften wirklich Die derzeitigen Vorschriften zu den \u00d6ffnungszeiten gehen in ihr zweites Jahr. Gro\u00dfe Gesch\u00e4fte d\u00fcrfen an bestimmten Feiertagen (Neujahr, Ostermontag und einige gesetzliche Feiertage) nicht \u00f6ffnen. Sowohl Politiker als auch die breite \u00d6ffentlichkeit halten die Vorschriften f\u00fcr einen unangemessenen Eingriff, da es im Ermessen des Einzelh\u00e4ndlers liegt, ob er \u00f6ffnet oder nicht. Ein Grund f\u00fcr das Offenhalten von Gesch\u00e4ften ist, dass einige Organisationen Waren (Lebensmittel) mit kurzer Haltbarkeit kaufen, auch an Feiertagen. Kleinere L\u00e4den (bis zu 200 m\u00b2) kaufen auf dieselbe Weise ein. Nach geltendem Recht d\u00fcrfen diese L\u00e4den betrieben werden. Was wird passierenWenn das neue Gesetz in Kraft tritt, werden die Besch\u00e4ftigten in den Gesch\u00e4ften auch in den Ferien Zeit mit ihren Familien verbringen k\u00f6nnen Die M\u00f6glichkeit, dies zu tun, sollte nicht untergraben werden. Ein anderer Vorschlag bef\u00fcrwortet ein Verbot des Verkaufs aller Feiertage, nicht nur bestimmter Feiertage. Was denkt die \u00d6ffentlichkeitDie \u00f6ffentliche Meinung zu diesem Thema ist ebenfalls uneinheitlich: Einige sind der Meinung, dass alle Ladenbesitzer Einige argumentieren, dass sie von niemandem eingeschr\u00e4nkt werden sollten, auch nicht von der Regierung. Eine Person verweist auf andere L\u00e4nder, in denen es ganz normal ist, dass die Gesch\u00e4fte an Feiertagen nicht ge\u00f6ffnet sind. .                                                                                                                                                                                                                                                                                                                                                                                        4.5\/5 - (4 votes)        "},{"@context":"https:\/\/schema.org\/","@type":"BreadcrumbList","itemListElement":[{"@type":"ListItem","position":1,"name":"Der Verkauf ist verboten","item":"https:\/\/www.letmein.at\/der-verkauf-ist-verboten\/#breadcrumbitem"}]}]