{"@context":"https:\/\/schema.org\/","@type":"CollectionPage","@id":"https:\/\/www.letmein.at\/frau\/#CollectionPage","headline":"Frau Category","description":"","url":"https:\/\/www.letmein.at\/frau\/","hasPart":[{"@type":"Article","@id":"https:\/\/www.letmein.at\/was-fur-musse-zu-weihnachten\/","headline":"Was f\u00fcr mu\u00dfe zu Weihnachten.","url":"https:\/\/www.letmein.at\/was-fur-musse-zu-weihnachten\/","datePublished":"2021-10-08","dateModified":"2021-10-08","mainEntityOfPage":"https:\/\/www.letmein.at\/was-fur-musse-zu-weihnachten\/","author":{"@type":"Person","@id":"https:\/\/www.letmein.at\/author\/devene\/#Person","name":"devene","url":"https:\/\/www.letmein.at\/author\/devene\/","identifier":1,"image":{"@type":"ImageObject","@id":"https:\/\/secure.gravatar.com\/avatar\/739bdad9092f7204ebf16dfadfb581e3e92e1ade2f5cc299a7779b7760a7d2fc?s=96&d=mm&r=g","url":"https:\/\/secure.gravatar.com\/avatar\/739bdad9092f7204ebf16dfadfb581e3e92e1ade2f5cc299a7779b7760a7d2fc?s=96&d=mm&r=g","height":96,"width":96}},"publisher":{"@type":"Organization","name":"letmein.at","logo":{"@type":"ImageObject","@id":"\/logo.png","url":"\/logo.png","width":600,"height":60}},"image":{"@type":"ImageObject","@id":"https:\/\/www.letmein.at\/wp-content\/uploads\/img_a294606_w2366_t1506458049.jpg","url":"https:\/\/www.letmein.at\/wp-content\/uploads\/img_a294606_w2366_t1506458049.jpg","height":0,"width":0},"keywords":null},{"@type":"Article","@id":"https:\/\/www.letmein.at\/zugang-zur-mutterschaft-in-unserem-land-und-im-westen\/","headline":"Zugang zur Mutterschaft in unserem Land und im Westen","url":"https:\/\/www.letmein.at\/zugang-zur-mutterschaft-in-unserem-land-und-im-westen\/","datePublished":"2021-09-01","dateModified":"2021-09-01","mainEntityOfPage":"https:\/\/www.letmein.at\/zugang-zur-mutterschaft-in-unserem-land-und-im-westen\/","author":{"@type":"Person","@id":"https:\/\/www.letmein.at\/author\/devene\/#Person","name":"devene","url":"https:\/\/www.letmein.at\/author\/devene\/","identifier":1,"image":{"@type":"ImageObject","@id":"https:\/\/secure.gravatar.com\/avatar\/739bdad9092f7204ebf16dfadfb581e3e92e1ade2f5cc299a7779b7760a7d2fc?s=96&d=mm&r=g","url":"https:\/\/secure.gravatar.com\/avatar\/739bdad9092f7204ebf16dfadfb581e3e92e1ade2f5cc299a7779b7760a7d2fc?s=96&d=mm&r=g","height":96,"width":96}},"publisher":{"@type":"Organization","name":"letmein.at","logo":{"@type":"ImageObject","@id":"\/logo.png","url":"\/logo.png","width":600,"height":60}},"image":{"@type":"ImageObject","@id":"https:\/\/www.letmein.at\/wp-content\/uploads\/img_a359258_w3694_t1573317450.jpg","url":"https:\/\/www.letmein.at\/wp-content\/uploads\/img_a359258_w3694_t1573317450.jpg","height":0,"width":0},"keywords":null},{"@type":"Article","@id":"https:\/\/www.letmein.at\/es-gibt-keine-gefahrtin-fur-eine-gefahrtin\/","headline":"Es gibt keine Gef\u00e4hrtin f\u00fcr eine Gef\u00e4hrtin","url":"https:\/\/www.letmein.at\/es-gibt-keine-gefahrtin-fur-eine-gefahrtin\/","datePublished":"2021-07-26","dateModified":"2021-07-26","mainEntityOfPage":"https:\/\/www.letmein.at\/es-gibt-keine-gefahrtin-fur-eine-gefahrtin\/","author":{"@type":"Person","@id":"https:\/\/www.letmein.at\/author\/devene\/#Person","name":"devene","url":"https:\/\/www.letmein.at\/author\/devene\/","identifier":1,"image":{"@type":"ImageObject","@id":"https:\/\/secure.gravatar.com\/avatar\/739bdad9092f7204ebf16dfadfb581e3e92e1ade2f5cc299a7779b7760a7d2fc?s=96&d=mm&r=g","url":"https:\/\/secure.gravatar.com\/avatar\/739bdad9092f7204ebf16dfadfb581e3e92e1ade2f5cc299a7779b7760a7d2fc?s=96&d=mm&r=g","height":96,"width":96}},"publisher":{"@type":"Organization","name":"letmein.at","logo":{"@type":"ImageObject","@id":"\/logo.png","url":"\/logo.png","width":600,"height":60}},"image":{"@type":"ImageObject","@id":"https:\/\/www.letmein.at\/wp-content\/uploads\/couple-1807617_960_720.jpg","url":"https:\/\/www.letmein.at\/wp-content\/uploads\/couple-1807617_960_720.jpg","height":0,"width":0},"keywords":null},{"@type":"Article","@id":"https:\/\/www.letmein.at\/warum-sieht-die-gesellschaft-frauen-im-beruf-als-feindbild-an\/","headline":"Warum sieht die Gesellschaft Frauen im Beruf als Feindbild an?","url":"https:\/\/www.letmein.at\/warum-sieht-die-gesellschaft-frauen-im-beruf-als-feindbild-an\/","datePublished":"2021-04-28","dateModified":"2021-04-28","mainEntityOfPage":"https:\/\/www.letmein.at\/warum-sieht-die-gesellschaft-frauen-im-beruf-als-feindbild-an\/","author":{"@type":"Person","@id":"https:\/\/www.letmein.at\/author\/devene\/#Person","name":"devene","url":"https:\/\/www.letmein.at\/author\/devene\/","identifier":1,"image":{"@type":"ImageObject","@id":"https:\/\/secure.gravatar.com\/avatar\/739bdad9092f7204ebf16dfadfb581e3e92e1ade2f5cc299a7779b7760a7d2fc?s=96&d=mm&r=g","url":"https:\/\/secure.gravatar.com\/avatar\/739bdad9092f7204ebf16dfadfb581e3e92e1ade2f5cc299a7779b7760a7d2fc?s=96&d=mm&r=g","height":96,"width":96}},"publisher":{"@type":"Organization","name":"letmein.at","logo":{"@type":"ImageObject","@id":"\/logo.png","url":"\/logo.png","width":600,"height":60}},"image":{"@type":"ImageObject","@id":"https:\/\/www.letmein.at\/wp-content\/uploads\/img_a361328_w3766_t1574601538.jpg","url":"https:\/\/www.letmein.at\/wp-content\/uploads\/img_a361328_w3766_t1574601538.jpg","height":0,"width":0},"keywords":null}]}