{"@context":"https:\/\/schema.org\/","@type":"CollectionPage","@id":"https:\/\/www.letmein.at\/garten-und-haus\/#CollectionPage","headline":"Garten und Haus Category","description":"","url":"https:\/\/www.letmein.at\/garten-und-haus\/","hasPart":[{"@type":"Article","@id":"https:\/\/www.letmein.at\/was-fur-ein-dach-haben-sie\/","headline":"Was f\u00fcr ein Dach haben Sie?","url":"https:\/\/www.letmein.at\/was-fur-ein-dach-haben-sie\/","datePublished":"2023-09-14","dateModified":"2023-09-14","mainEntityOfPage":"https:\/\/www.letmein.at\/was-fur-ein-dach-haben-sie\/","author":{"@type":"Person","@id":"https:\/\/www.letmein.at\/author\/devene\/#Person","name":"devene","url":"https:\/\/www.letmein.at\/author\/devene\/","identifier":1,"image":{"@type":"ImageObject","@id":"https:\/\/secure.gravatar.com\/avatar\/739bdad9092f7204ebf16dfadfb581e3e92e1ade2f5cc299a7779b7760a7d2fc?s=96&d=mm&r=g","url":"https:\/\/secure.gravatar.com\/avatar\/739bdad9092f7204ebf16dfadfb581e3e92e1ade2f5cc299a7779b7760a7d2fc?s=96&d=mm&r=g","height":96,"width":96}},"publisher":{"@type":"Organization","name":"letmein.at","logo":{"@type":"ImageObject","@id":"\/logo.png","url":"\/logo.png","width":600,"height":60}},"image":{"@type":"ImageObject","@id":"https:\/\/www.letmein.at\/wp-content\/uploads\/img_a332768_w2432_t1545755168.jpg","url":"https:\/\/www.letmein.at\/wp-content\/uploads\/img_a332768_w2432_t1545755168.jpg","height":0,"width":0},"keywords":null},{"@type":"Article","@id":"https:\/\/www.letmein.at\/was-sind-die-haufigsten-ursachen-fur-umweltverschmutzung-1-2-gartenteiche-sind-ein-beliebtes-dekorationselement-in-hausgarten\/","headline":"Was sind die h\u00e4ufigsten Ursachen f\u00fcr Umweltverschmutzung? 1] 2] Gartenteiche sind ein beliebtes Dekorationselement in Hausg\u00e4rten","url":"https:\/\/www.letmein.at\/was-sind-die-haufigsten-ursachen-fur-umweltverschmutzung-1-2-gartenteiche-sind-ein-beliebtes-dekorationselement-in-hausgarten\/","datePublished":"2023-09-03","dateModified":"2023-09-03","mainEntityOfPage":"https:\/\/www.letmein.at\/was-sind-die-haufigsten-ursachen-fur-umweltverschmutzung-1-2-gartenteiche-sind-ein-beliebtes-dekorationselement-in-hausgarten\/","author":{"@type":"Person","@id":"https:\/\/www.letmein.at\/author\/devene\/#Person","name":"devene","url":"https:\/\/www.letmein.at\/author\/devene\/","identifier":1,"image":{"@type":"ImageObject","@id":"https:\/\/secure.gravatar.com\/avatar\/739bdad9092f7204ebf16dfadfb581e3e92e1ade2f5cc299a7779b7760a7d2fc?s=96&d=mm&r=g","url":"https:\/\/secure.gravatar.com\/avatar\/739bdad9092f7204ebf16dfadfb581e3e92e1ade2f5cc299a7779b7760a7d2fc?s=96&d=mm&r=g","height":96,"width":96}},"publisher":{"@type":"Organization","name":"letmein.at","logo":{"@type":"ImageObject","@id":"\/logo.png","url":"\/logo.png","width":600,"height":60}},"image":null,"keywords":null},{"@type":"Article","@id":"https:\/\/www.letmein.at\/unterschatzen-sie-nicht-die-herbstvorbereitungen-im-garten\/","headline":"Untersch\u00e4tzen Sie nicht die Herbstvorbereitungen im Garten","url":"https:\/\/www.letmein.at\/unterschatzen-sie-nicht-die-herbstvorbereitungen-im-garten\/","datePublished":"2023-08-15","dateModified":"2023-08-15","mainEntityOfPage":"https:\/\/www.letmein.at\/unterschatzen-sie-nicht-die-herbstvorbereitungen-im-garten\/","author":{"@type":"Person","@id":"https:\/\/www.letmein.at\/author\/devene\/#Person","name":"devene","url":"https:\/\/www.letmein.at\/author\/devene\/","identifier":1,"image":{"@type":"ImageObject","@id":"https:\/\/secure.gravatar.com\/avatar\/739bdad9092f7204ebf16dfadfb581e3e92e1ade2f5cc299a7779b7760a7d2fc?s=96&d=mm&r=g","url":"https:\/\/secure.gravatar.com\/avatar\/739bdad9092f7204ebf16dfadfb581e3e92e1ade2f5cc299a7779b7760a7d2fc?s=96&d=mm&r=g","height":96,"width":96}},"publisher":{"@type":"Organization","name":"letmein.at","logo":{"@type":"ImageObject","@id":"\/logo.png","url":"\/logo.png","width":600,"height":60}},"image":{"@type":"ImageObject","@id":"https:\/\/www.letmein.at\/wp-content\/uploads\/img_a356102_w3904_t1570879398.jpg","url":"https:\/\/www.letmein.at\/wp-content\/uploads\/img_a356102_w3904_t1570879398.jpg","height":0,"width":0},"keywords":null},{"@type":"Article","@id":"https:\/\/www.letmein.at\/pfingstrosen-der-star-im-garten\/","headline":"Pfingstrosen &#8211; der Star im Garten","url":"https:\/\/www.letmein.at\/pfingstrosen-der-star-im-garten\/","datePublished":"2023-08-05","dateModified":"2023-08-05","mainEntityOfPage":"https:\/\/www.letmein.at\/pfingstrosen-der-star-im-garten\/","author":{"@type":"Person","@id":"https:\/\/www.letmein.at\/author\/devene\/#Person","name":"devene","url":"https:\/\/www.letmein.at\/author\/devene\/","identifier":1,"image":{"@type":"ImageObject","@id":"https:\/\/secure.gravatar.com\/avatar\/739bdad9092f7204ebf16dfadfb581e3e92e1ade2f5cc299a7779b7760a7d2fc?s=96&d=mm&r=g","url":"https:\/\/secure.gravatar.com\/avatar\/739bdad9092f7204ebf16dfadfb581e3e92e1ade2f5cc299a7779b7760a7d2fc?s=96&d=mm&r=g","height":96,"width":96}},"publisher":{"@type":"Organization","name":"letmein.at","logo":{"@type":"ImageObject","@id":"\/logo.png","url":"\/logo.png","width":600,"height":60}},"image":{"@type":"ImageObject","@id":"https:\/\/www.letmein.at\/wp-content\/uploads\/peonies-g4b67723c4_640.jpg","url":"https:\/\/www.letmein.at\/wp-content\/uploads\/peonies-g4b67723c4_640.jpg","height":0,"width":0},"keywords":null},{"@type":"Article","@id":"https:\/\/www.letmein.at\/haus-und-garten\/","headline":"Haus und Garten","url":"https:\/\/www.letmein.at\/haus-und-garten\/","datePublished":"2023-03-17","dateModified":"2023-03-17","mainEntityOfPage":"https:\/\/www.letmein.at\/haus-und-garten\/","author":{"@type":"Person","@id":"https:\/\/www.letmein.at\/author\/devene\/#Person","name":"devene","url":"https:\/\/www.letmein.at\/author\/devene\/","identifier":1,"image":{"@type":"ImageObject","@id":"https:\/\/secure.gravatar.com\/avatar\/739bdad9092f7204ebf16dfadfb581e3e92e1ade2f5cc299a7779b7760a7d2fc?s=96&d=mm&r=g","url":"https:\/\/secure.gravatar.com\/avatar\/739bdad9092f7204ebf16dfadfb581e3e92e1ade2f5cc299a7779b7760a7d2fc?s=96&d=mm&r=g","height":96,"width":96}},"publisher":{"@type":"Organization","name":"letmein.at","logo":{"@type":"ImageObject","@id":"\/logo.png","url":"\/logo.png","width":600,"height":60}},"image":{"@type":"ImageObject","@id":"https:\/\/www.letmein.at\/wp-content\/uploads\/mountains-and-hills-5112952_1280.jpg","url":"https:\/\/www.letmein.at\/wp-content\/uploads\/mountains-and-hills-5112952_1280.jpg","height":0,"width":0},"keywords":null},{"@type":"Article","@id":"https:\/\/www.letmein.at\/fruhlingszwiebeln-fur-beete\/","headline":"Fr\u00fchlingszwiebeln f\u00fcr Beete","url":"https:\/\/www.letmein.at\/fruhlingszwiebeln-fur-beete\/","datePublished":"2023-02-13","dateModified":"2023-02-13","mainEntityOfPage":"https:\/\/www.letmein.at\/fruhlingszwiebeln-fur-beete\/","author":{"@type":"Person","@id":"https:\/\/www.letmein.at\/author\/devene\/#Person","name":"devene","url":"https:\/\/www.letmein.at\/author\/devene\/","identifier":1,"image":{"@type":"ImageObject","@id":"https:\/\/secure.gravatar.com\/avatar\/739bdad9092f7204ebf16dfadfb581e3e92e1ade2f5cc299a7779b7760a7d2fc?s=96&d=mm&r=g","url":"https:\/\/secure.gravatar.com\/avatar\/739bdad9092f7204ebf16dfadfb581e3e92e1ade2f5cc299a7779b7760a7d2fc?s=96&d=mm&r=g","height":96,"width":96}},"publisher":{"@type":"Organization","name":"letmein.at","logo":{"@type":"ImageObject","@id":"\/logo.png","url":"\/logo.png","width":600,"height":60}},"image":{"@type":"ImageObject","@id":"https:\/\/www.letmein.at\/wp-content\/uploads\/img_a372692_w4384_t1584088133.jpg","url":"https:\/\/www.letmein.at\/wp-content\/uploads\/img_a372692_w4384_t1584088133.jpg","height":0,"width":0},"keywords":null},{"@type":"Article","@id":"https:\/\/www.letmein.at\/nicht-nur-fur-den-garten-sondern-auch-fur-den-spass\/","headline":"Nicht nur f\u00fcr den Garten, sondern auch f\u00fcr den Spa\u00df","url":"https:\/\/www.letmein.at\/nicht-nur-fur-den-garten-sondern-auch-fur-den-spass\/","datePublished":"2022-12-18","dateModified":"2022-12-18","mainEntityOfPage":"https:\/\/www.letmein.at\/nicht-nur-fur-den-garten-sondern-auch-fur-den-spass\/","author":{"@type":"Person","@id":"https:\/\/www.letmein.at\/author\/devene\/#Person","name":"devene","url":"https:\/\/www.letmein.at\/author\/devene\/","identifier":1,"image":{"@type":"ImageObject","@id":"https:\/\/secure.gravatar.com\/avatar\/739bdad9092f7204ebf16dfadfb581e3e92e1ade2f5cc299a7779b7760a7d2fc?s=96&d=mm&r=g","url":"https:\/\/secure.gravatar.com\/avatar\/739bdad9092f7204ebf16dfadfb581e3e92e1ade2f5cc299a7779b7760a7d2fc?s=96&d=mm&r=g","height":96,"width":96}},"publisher":{"@type":"Organization","name":"letmein.at","logo":{"@type":"ImageObject","@id":"\/logo.png","url":"\/logo.png","width":600,"height":60}},"image":{"@type":"ImageObject","@id":"https:\/\/www.letmein.at\/wp-content\/uploads\/img_a340453_w2904_t1553422086.jpg","url":"https:\/\/www.letmein.at\/wp-content\/uploads\/img_a340453_w2904_t1553422086.jpg","height":0,"width":0},"keywords":null},{"@type":"Article","@id":"https:\/\/www.letmein.at\/gartnern-dies-und-das\/","headline":"G\u00e4rtnern &#8211; dies und das","url":"https:\/\/www.letmein.at\/gartnern-dies-und-das\/","datePublished":"2022-12-07","dateModified":"2022-12-07","mainEntityOfPage":"https:\/\/www.letmein.at\/gartnern-dies-und-das\/","author":{"@type":"Person","@id":"https:\/\/www.letmein.at\/author\/devene\/#Person","name":"devene","url":"https:\/\/www.letmein.at\/author\/devene\/","identifier":1,"image":{"@type":"ImageObject","@id":"https:\/\/secure.gravatar.com\/avatar\/739bdad9092f7204ebf16dfadfb581e3e92e1ade2f5cc299a7779b7760a7d2fc?s=96&d=mm&r=g","url":"https:\/\/secure.gravatar.com\/avatar\/739bdad9092f7204ebf16dfadfb581e3e92e1ade2f5cc299a7779b7760a7d2fc?s=96&d=mm&r=g","height":96,"width":96}},"publisher":{"@type":"Organization","name":"letmein.at","logo":{"@type":"ImageObject","@id":"\/logo.png","url":"\/logo.png","width":600,"height":60}},"image":{"@type":"ImageObject","@id":"https:\/\/www.letmein.at\/wp-content\/uploads\/img_a353141_w3722_t1567341023.jpg","url":"https:\/\/www.letmein.at\/wp-content\/uploads\/img_a353141_w3722_t1567341023.jpg","height":0,"width":0},"keywords":null},{"@type":"Article","@id":"https:\/\/www.letmein.at\/3-monate-im-garten\/","headline":"3 Monate im Garten","url":"https:\/\/www.letmein.at\/3-monate-im-garten\/","datePublished":"2022-10-14","dateModified":"2022-10-14","mainEntityOfPage":"https:\/\/www.letmein.at\/3-monate-im-garten\/","author":{"@type":"Person","@id":"https:\/\/www.letmein.at\/author\/devene\/#Person","name":"devene","url":"https:\/\/www.letmein.at\/author\/devene\/","identifier":1,"image":{"@type":"ImageObject","@id":"https:\/\/secure.gravatar.com\/avatar\/739bdad9092f7204ebf16dfadfb581e3e92e1ade2f5cc299a7779b7760a7d2fc?s=96&d=mm&r=g","url":"https:\/\/secure.gravatar.com\/avatar\/739bdad9092f7204ebf16dfadfb581e3e92e1ade2f5cc299a7779b7760a7d2fc?s=96&d=mm&r=g","height":96,"width":96}},"publisher":{"@type":"Organization","name":"letmein.at","logo":{"@type":"ImageObject","@id":"\/logo.png","url":"\/logo.png","width":600,"height":60}},"image":{"@type":"ImageObject","@id":"https:\/\/www.letmein.at\/wp-content\/uploads\/wheelbarrows-2157335_960_720_1.jpg","url":"https:\/\/www.letmein.at\/wp-content\/uploads\/wheelbarrows-2157335_960_720_1.jpg","height":0,"width":0},"keywords":null},{"@type":"Article","@id":"https:\/\/www.letmein.at\/duftendes-kraut-fur-naschkatzen\/","headline":"Duftendes Kraut f\u00fcr Naschkatzen","url":"https:\/\/www.letmein.at\/duftendes-kraut-fur-naschkatzen\/","datePublished":"2022-07-23","dateModified":"2022-07-23","mainEntityOfPage":"https:\/\/www.letmein.at\/duftendes-kraut-fur-naschkatzen\/","author":{"@type":"Person","@id":"https:\/\/www.letmein.at\/author\/devene\/#Person","name":"devene","url":"https:\/\/www.letmein.at\/author\/devene\/","identifier":1,"image":{"@type":"ImageObject","@id":"https:\/\/secure.gravatar.com\/avatar\/739bdad9092f7204ebf16dfadfb581e3e92e1ade2f5cc299a7779b7760a7d2fc?s=96&d=mm&r=g","url":"https:\/\/secure.gravatar.com\/avatar\/739bdad9092f7204ebf16dfadfb581e3e92e1ade2f5cc299a7779b7760a7d2fc?s=96&d=mm&r=g","height":96,"width":96}},"publisher":{"@type":"Organization","name":"letmein.at","logo":{"@type":"ImageObject","@id":"\/logo.png","url":"\/logo.png","width":600,"height":60}},"image":{"@type":"ImageObject","@id":"https:\/\/www.letmein.at\/wp-content\/uploads\/img_a367641_w4426_t1580122409.jpg","url":"https:\/\/www.letmein.at\/wp-content\/uploads\/img_a367641_w4426_t1580122409.jpg","height":0,"width":0},"keywords":null}]}