{"@context":"https:\/\/schema.org\/","@type":"CollectionPage","@id":"https:\/\/www.letmein.at\/gesundheit\/#CollectionPage","headline":"Gesundheit Category","description":"","url":"https:\/\/www.letmein.at\/gesundheit\/","hasPart":[{"@type":"Article","@id":"https:\/\/www.letmein.at\/ausbildung-zum-masseur-in-osterreich-der-weg-uber-eine-professionelle-massageschule\/","headline":"Ausbildung zum Masseur in \u00d6sterreich \u2013 Der Weg \u00fcber eine professionelle Massageschule","url":"https:\/\/www.letmein.at\/ausbildung-zum-masseur-in-osterreich-der-weg-uber-eine-professionelle-massageschule\/","datePublished":"2026-03-08","dateModified":"2026-03-08","mainEntityOfPage":"https:\/\/www.letmein.at\/ausbildung-zum-masseur-in-osterreich-der-weg-uber-eine-professionelle-massageschule\/","author":{"@type":"Person","@id":"https:\/\/www.letmein.at\/author\/devene\/#Person","name":"devene","url":"https:\/\/www.letmein.at\/author\/devene\/","identifier":1,"image":{"@type":"ImageObject","@id":"https:\/\/secure.gravatar.com\/avatar\/739bdad9092f7204ebf16dfadfb581e3e92e1ade2f5cc299a7779b7760a7d2fc?s=96&d=mm&r=g","url":"https:\/\/secure.gravatar.com\/avatar\/739bdad9092f7204ebf16dfadfb581e3e92e1ade2f5cc299a7779b7760a7d2fc?s=96&d=mm&r=g","height":96,"width":96}},"publisher":{"@type":"Organization","name":"letmein.at","logo":{"@type":"ImageObject","@id":"\/logo.png","url":"\/logo.png","width":600,"height":60}},"image":{"@type":"ImageObject","@id":"https:\/\/www.letmein.at\/wp-content\/uploads\/masage12_krn4DN.jpg","url":"https:\/\/www.letmein.at\/wp-content\/uploads\/masage12_krn4DN.jpg","height":0,"width":0},"keywords":null},{"@type":"Article","@id":"https:\/\/www.letmein.at\/yoga-lehrer-ausbildung-ganzheitliche-trainer-ausbildungen-in-osterreich\/","headline":"Yoga Lehrer Ausbildung &#038; ganzheitliche Trainer-Ausbildungen in \u00d6sterreich","url":"https:\/\/www.letmein.at\/yoga-lehrer-ausbildung-ganzheitliche-trainer-ausbildungen-in-osterreich\/","datePublished":"2025-12-19","dateModified":"2025-12-19","mainEntityOfPage":"https:\/\/www.letmein.at\/yoga-lehrer-ausbildung-ganzheitliche-trainer-ausbildungen-in-osterreich\/","author":{"@type":"Person","@id":"https:\/\/www.letmein.at\/author\/devene\/#Person","name":"devene","url":"https:\/\/www.letmein.at\/author\/devene\/","identifier":1,"image":{"@type":"ImageObject","@id":"https:\/\/secure.gravatar.com\/avatar\/739bdad9092f7204ebf16dfadfb581e3e92e1ade2f5cc299a7779b7760a7d2fc?s=96&d=mm&r=g","url":"https:\/\/secure.gravatar.com\/avatar\/739bdad9092f7204ebf16dfadfb581e3e92e1ade2f5cc299a7779b7760a7d2fc?s=96&d=mm&r=g","height":96,"width":96}},"publisher":{"@type":"Organization","name":"letmein.at","logo":{"@type":"ImageObject","@id":"\/logo.png","url":"\/logo.png","width":600,"height":60}},"image":{"@type":"ImageObject","@id":"https:\/\/www.letmein.at\/wp-content\/uploads\/yogalehrer-ausbildung-kitzbuehel-1_aqWh40.webp","url":"https:\/\/www.letmein.at\/wp-content\/uploads\/yogalehrer-ausbildung-kitzbuehel-1_aqWh40.webp","height":0,"width":0},"keywords":null},{"@type":"Article","@id":"https:\/\/www.letmein.at\/foresthunt-ihr-ausruster-fur-eine-erfolgreiche-jagd-premium-jagdprodukte-fur-jeden-anspruch\/","headline":"ForestHunt Ihr Ausr\u00fcster f\u00fcr eine erfolgreiche Jagd: Premium-Jagdprodukte f\u00fcr jeden Anspruch","url":"https:\/\/www.letmein.at\/foresthunt-ihr-ausruster-fur-eine-erfolgreiche-jagd-premium-jagdprodukte-fur-jeden-anspruch\/","datePublished":"2025-11-14","dateModified":"2025-11-14","mainEntityOfPage":"https:\/\/www.letmein.at\/foresthunt-ihr-ausruster-fur-eine-erfolgreiche-jagd-premium-jagdprodukte-fur-jeden-anspruch\/","author":{"@type":"Person","@id":"https:\/\/www.letmein.at\/author\/devene\/#Person","name":"devene","url":"https:\/\/www.letmein.at\/author\/devene\/","identifier":1,"image":{"@type":"ImageObject","@id":"https:\/\/secure.gravatar.com\/avatar\/739bdad9092f7204ebf16dfadfb581e3e92e1ade2f5cc299a7779b7760a7d2fc?s=96&d=mm&r=g","url":"https:\/\/secure.gravatar.com\/avatar\/739bdad9092f7204ebf16dfadfb581e3e92e1ade2f5cc299a7779b7760a7d2fc?s=96&d=mm&r=g","height":96,"width":96}},"publisher":{"@type":"Organization","name":"letmein.at","logo":{"@type":"ImageObject","@id":"\/logo.png","url":"\/logo.png","width":600,"height":60}},"image":{"@type":"ImageObject","@id":"https:\/\/www.letmein.at\/wp-content\/uploads\/ChatGPT_Image_24._11._2025_22_46_04_JrXgtC.png","url":"https:\/\/www.letmein.at\/wp-content\/uploads\/ChatGPT_Image_24._11._2025_22_46_04_JrXgtC.png","height":0,"width":0},"keywords":null},{"@type":"Article","@id":"https:\/\/www.letmein.at\/tut-dein-rucken-weh-starkung-des-bauches\/","headline":"Tut dein R\u00fccken weh? St\u00e4rkung des Bauches","url":"https:\/\/www.letmein.at\/tut-dein-rucken-weh-starkung-des-bauches\/","datePublished":"2024-04-19","dateModified":"2024-04-19","mainEntityOfPage":"https:\/\/www.letmein.at\/tut-dein-rucken-weh-starkung-des-bauches\/","author":{"@type":"Person","@id":"https:\/\/www.letmein.at\/author\/devene\/#Person","name":"devene","url":"https:\/\/www.letmein.at\/author\/devene\/","identifier":1,"image":{"@type":"ImageObject","@id":"https:\/\/secure.gravatar.com\/avatar\/739bdad9092f7204ebf16dfadfb581e3e92e1ade2f5cc299a7779b7760a7d2fc?s=96&d=mm&r=g","url":"https:\/\/secure.gravatar.com\/avatar\/739bdad9092f7204ebf16dfadfb581e3e92e1ade2f5cc299a7779b7760a7d2fc?s=96&d=mm&r=g","height":96,"width":96}},"publisher":{"@type":"Organization","name":"letmein.at","logo":{"@type":"ImageObject","@id":"\/logo.png","url":"\/logo.png","width":600,"height":60}},"image":{"@type":"ImageObject","@id":"https:\/\/www.letmein.at\/wp-content\/uploads\/img_a309428_w1696_t1520333844.png","url":"https:\/\/www.letmein.at\/wp-content\/uploads\/img_a309428_w1696_t1520333844.png","height":0,"width":0},"keywords":null},{"@type":"Article","@id":"https:\/\/www.letmein.at\/pramenstruelles-syndrom\/","headline":"Pr\u00e4menstruelles Syndrom","url":"https:\/\/www.letmein.at\/pramenstruelles-syndrom\/","datePublished":"2024-03-13","dateModified":"2024-03-13","mainEntityOfPage":"https:\/\/www.letmein.at\/pramenstruelles-syndrom\/","author":{"@type":"Person","@id":"https:\/\/www.letmein.at\/author\/devene\/#Person","name":"devene","url":"https:\/\/www.letmein.at\/author\/devene\/","identifier":1,"image":{"@type":"ImageObject","@id":"https:\/\/secure.gravatar.com\/avatar\/739bdad9092f7204ebf16dfadfb581e3e92e1ade2f5cc299a7779b7760a7d2fc?s=96&d=mm&r=g","url":"https:\/\/secure.gravatar.com\/avatar\/739bdad9092f7204ebf16dfadfb581e3e92e1ade2f5cc299a7779b7760a7d2fc?s=96&d=mm&r=g","height":96,"width":96}},"publisher":{"@type":"Organization","name":"letmein.at","logo":{"@type":"ImageObject","@id":"\/logo.png","url":"\/logo.png","width":600,"height":60}},"image":{"@type":"ImageObject","@id":"https:\/\/www.letmein.at\/wp-content\/uploads\/img_a288879_w2164_t1500150814.png","url":"https:\/\/www.letmein.at\/wp-content\/uploads\/img_a288879_w2164_t1500150814.png","height":0,"width":0},"keywords":null},{"@type":"Article","@id":"https:\/\/www.letmein.at\/ein-organ-das-niemals-ruht\/","headline":"Ein Organ, das niemals ruht","url":"https:\/\/www.letmein.at\/ein-organ-das-niemals-ruht\/","datePublished":"2023-12-16","dateModified":"2023-12-16","mainEntityOfPage":"https:\/\/www.letmein.at\/ein-organ-das-niemals-ruht\/","author":{"@type":"Person","@id":"https:\/\/www.letmein.at\/author\/devene\/#Person","name":"devene","url":"https:\/\/www.letmein.at\/author\/devene\/","identifier":1,"image":{"@type":"ImageObject","@id":"https:\/\/secure.gravatar.com\/avatar\/739bdad9092f7204ebf16dfadfb581e3e92e1ade2f5cc299a7779b7760a7d2fc?s=96&d=mm&r=g","url":"https:\/\/secure.gravatar.com\/avatar\/739bdad9092f7204ebf16dfadfb581e3e92e1ade2f5cc299a7779b7760a7d2fc?s=96&d=mm&r=g","height":96,"width":96}},"publisher":{"@type":"Organization","name":"letmein.at","logo":{"@type":"ImageObject","@id":"\/logo.png","url":"\/logo.png","width":600,"height":60}},"image":null,"keywords":null},{"@type":"Article","@id":"https:\/\/www.letmein.at\/rauchen-in-der-nacht\/","headline":"Rauchen in der Nacht","url":"https:\/\/www.letmein.at\/rauchen-in-der-nacht\/","datePublished":"2023-11-07","dateModified":"2023-11-07","mainEntityOfPage":"https:\/\/www.letmein.at\/rauchen-in-der-nacht\/","author":{"@type":"Person","@id":"https:\/\/www.letmein.at\/author\/devene\/#Person","name":"devene","url":"https:\/\/www.letmein.at\/author\/devene\/","identifier":1,"image":{"@type":"ImageObject","@id":"https:\/\/secure.gravatar.com\/avatar\/739bdad9092f7204ebf16dfadfb581e3e92e1ade2f5cc299a7779b7760a7d2fc?s=96&d=mm&r=g","url":"https:\/\/secure.gravatar.com\/avatar\/739bdad9092f7204ebf16dfadfb581e3e92e1ade2f5cc299a7779b7760a7d2fc?s=96&d=mm&r=g","height":96,"width":96}},"publisher":{"@type":"Organization","name":"letmein.at","logo":{"@type":"ImageObject","@id":"\/logo.png","url":"\/logo.png","width":600,"height":60}},"image":{"@type":"ImageObject","@id":"https:\/\/www.letmein.at\/wp-content\/uploads\/img_a356886_w3909_t1571484859.jpg","url":"https:\/\/www.letmein.at\/wp-content\/uploads\/img_a356886_w3909_t1571484859.jpg","height":0,"width":0},"keywords":null},{"@type":"Article","@id":"https:\/\/www.letmein.at\/10-000-schritte-pro-tag-grunde-fur-einen-spaziergang\/","headline":"10 000 Schritte pro Tag &#8211; Gr\u00fcnde f\u00fcr einen Spaziergang","url":"https:\/\/www.letmein.at\/10-000-schritte-pro-tag-grunde-fur-einen-spaziergang\/","datePublished":"2023-08-02","dateModified":"2023-08-02","mainEntityOfPage":"https:\/\/www.letmein.at\/10-000-schritte-pro-tag-grunde-fur-einen-spaziergang\/","author":{"@type":"Person","@id":"https:\/\/www.letmein.at\/author\/devene\/#Person","name":"devene","url":"https:\/\/www.letmein.at\/author\/devene\/","identifier":1,"image":{"@type":"ImageObject","@id":"https:\/\/secure.gravatar.com\/avatar\/739bdad9092f7204ebf16dfadfb581e3e92e1ade2f5cc299a7779b7760a7d2fc?s=96&d=mm&r=g","url":"https:\/\/secure.gravatar.com\/avatar\/739bdad9092f7204ebf16dfadfb581e3e92e1ade2f5cc299a7779b7760a7d2fc?s=96&d=mm&r=g","height":96,"width":96}},"publisher":{"@type":"Organization","name":"letmein.at","logo":{"@type":"ImageObject","@id":"\/logo.png","url":"\/logo.png","width":600,"height":60}},"image":{"@type":"ImageObject","@id":"https:\/\/www.letmein.at\/wp-content\/uploads\/img_a339649_w2259_t1552821645.jpg","url":"https:\/\/www.letmein.at\/wp-content\/uploads\/img_a339649_w2259_t1552821645.jpg","height":0,"width":0},"keywords":null},{"@type":"Article","@id":"https:\/\/www.letmein.at\/machen-sie-eine-psychotherapie-ja-ich-bin-stolz-darauf-dass-ich-mich-selbst-behandle\/","headline":"Machen Sie eine Psychotherapie &#8211; ja, ich bin stolz darauf, dass ich mich selbst behandle!","url":"https:\/\/www.letmein.at\/machen-sie-eine-psychotherapie-ja-ich-bin-stolz-darauf-dass-ich-mich-selbst-behandle\/","datePublished":"2023-07-31","dateModified":"2023-07-31","mainEntityOfPage":"https:\/\/www.letmein.at\/machen-sie-eine-psychotherapie-ja-ich-bin-stolz-darauf-dass-ich-mich-selbst-behandle\/","author":{"@type":"Person","@id":"https:\/\/www.letmein.at\/author\/devene\/#Person","name":"devene","url":"https:\/\/www.letmein.at\/author\/devene\/","identifier":1,"image":{"@type":"ImageObject","@id":"https:\/\/secure.gravatar.com\/avatar\/739bdad9092f7204ebf16dfadfb581e3e92e1ade2f5cc299a7779b7760a7d2fc?s=96&d=mm&r=g","url":"https:\/\/secure.gravatar.com\/avatar\/739bdad9092f7204ebf16dfadfb581e3e92e1ade2f5cc299a7779b7760a7d2fc?s=96&d=mm&r=g","height":96,"width":96}},"publisher":{"@type":"Organization","name":"letmein.at","logo":{"@type":"ImageObject","@id":"\/logo.png","url":"\/logo.png","width":600,"height":60}},"image":null,"keywords":null},{"@type":"Article","@id":"https:\/\/www.letmein.at\/unterschatzen-sie-parodontitis-nicht\/","headline":"Untersch\u00e4tzen Sie Parodontitis nicht","url":"https:\/\/www.letmein.at\/unterschatzen-sie-parodontitis-nicht\/","datePublished":"2023-06-28","dateModified":"2023-06-28","mainEntityOfPage":"https:\/\/www.letmein.at\/unterschatzen-sie-parodontitis-nicht\/","author":{"@type":"Person","@id":"https:\/\/www.letmein.at\/author\/devene\/#Person","name":"devene","url":"https:\/\/www.letmein.at\/author\/devene\/","identifier":1,"image":{"@type":"ImageObject","@id":"https:\/\/secure.gravatar.com\/avatar\/739bdad9092f7204ebf16dfadfb581e3e92e1ade2f5cc299a7779b7760a7d2fc?s=96&d=mm&r=g","url":"https:\/\/secure.gravatar.com\/avatar\/739bdad9092f7204ebf16dfadfb581e3e92e1ade2f5cc299a7779b7760a7d2fc?s=96&d=mm&r=g","height":96,"width":96}},"publisher":{"@type":"Organization","name":"letmein.at","logo":{"@type":"ImageObject","@id":"\/logo.png","url":"\/logo.png","width":600,"height":60}},"image":{"@type":"ImageObject","@id":"https:\/\/www.letmein.at\/wp-content\/uploads\/img_a354760_w3313_t1569332410.jpg","url":"https:\/\/www.letmein.at\/wp-content\/uploads\/img_a354760_w3313_t1569332410.jpg","height":0,"width":0},"keywords":null}]}