[{"@context":"https:\/\/schema.org\/","@type":"Blog","@id":"https:\/\/www.letmein.at#Blog","headline":"Let Mein","description":"\nNiemand ist perfekt, niemand wei\u00df alles. Aber wie die Volksweisheit sagt: Wer sucht, wird finden. Und wer auf unserer Website sucht, wird f\u00fcndig. \u00dcberzeugen Sie sich selbst.","url":"https:\/\/www.letmein.at","hasPart":[{"@type":"Article","@id":"https:\/\/www.letmein.at\/stellen-sie-ein-vielfaltiges-team-zusammen-sie-motivieren-ihr-unternehmen-zu-innovationen\/","headline":"Stellen Sie ein vielf\u00e4ltiges Team zusammen. Sie motivieren Ihr Unternehmen zu Innovationen","url":"https:\/\/www.letmein.at\/stellen-sie-ein-vielfaltiges-team-zusammen-sie-motivieren-ihr-unternehmen-zu-innovationen\/","datePublished":"2021-07-24","dateModified":"2021-07-24","mainEntityOfPage":"https:\/\/www.letmein.at\/stellen-sie-ein-vielfaltiges-team-zusammen-sie-motivieren-ihr-unternehmen-zu-innovationen\/","author":{"@type":"Person","@id":"https:\/\/www.letmein.at\/author\/devene\/#Person","name":"devene","url":"https:\/\/www.letmein.at\/author\/devene\/","identifier":1,"image":{"@type":"ImageObject","@id":"https:\/\/secure.gravatar.com\/avatar\/739bdad9092f7204ebf16dfadfb581e3e92e1ade2f5cc299a7779b7760a7d2fc?s=96&d=mm&r=g","url":"https:\/\/secure.gravatar.com\/avatar\/739bdad9092f7204ebf16dfadfb581e3e92e1ade2f5cc299a7779b7760a7d2fc?s=96&d=mm&r=g","height":96,"width":96}},"publisher":{"@type":"Organization","name":"letmein.at","logo":{"@type":"ImageObject","@id":"\/logo.png","url":"\/logo.png","width":600,"height":60}},"image":{"@type":"ImageObject","@id":"https:\/\/www.letmein.at\/wp-content\/uploads\/img_a311648_w2145_t1522510061.jpg","url":"https:\/\/www.letmein.at\/wp-content\/uploads\/img_a311648_w2145_t1522510061.jpg","height":0,"width":0},"wordCount":425,"keywords":null},{"@type":"Article","@id":"https:\/\/www.letmein.at\/der-richtige-ort\/","headline":"Der richtige Ort","url":"https:\/\/www.letmein.at\/der-richtige-ort\/","datePublished":"2021-07-20","dateModified":"2021-07-20","mainEntityOfPage":"https:\/\/www.letmein.at\/der-richtige-ort\/","author":{"@type":"Person","@id":"https:\/\/www.letmein.at\/author\/devene\/#Person","name":"devene","url":"https:\/\/www.letmein.at\/author\/devene\/","identifier":1,"image":{"@type":"ImageObject","@id":"https:\/\/secure.gravatar.com\/avatar\/739bdad9092f7204ebf16dfadfb581e3e92e1ade2f5cc299a7779b7760a7d2fc?s=96&d=mm&r=g","url":"https:\/\/secure.gravatar.com\/avatar\/739bdad9092f7204ebf16dfadfb581e3e92e1ade2f5cc299a7779b7760a7d2fc?s=96&d=mm&r=g","height":96,"width":96}},"publisher":{"@type":"Organization","name":"letmein.at","logo":{"@type":"ImageObject","@id":"\/logo.png","url":"\/logo.png","width":600,"height":60}},"image":{"@type":"ImageObject","@id":"https:\/\/www.letmein.at\/wp-content\/uploads\/img_a355147_w3764_t1569570615.png","url":"https:\/\/www.letmein.at\/wp-content\/uploads\/img_a355147_w3764_t1569570615.png","height":0,"width":0},"wordCount":537,"keywords":null},{"@type":"Article","@id":"https:\/\/www.letmein.at\/mobiltelefone-fur-die-arbeit-und-fur-den-privaten-gebrauch\/","headline":"Mobiltelefone f\u00fcr die Arbeit und f\u00fcr den privaten Gebrauch","url":"https:\/\/www.letmein.at\/mobiltelefone-fur-die-arbeit-und-fur-den-privaten-gebrauch\/","datePublished":"2021-07-19","dateModified":"2021-07-19","mainEntityOfPage":"https:\/\/www.letmein.at\/mobiltelefone-fur-die-arbeit-und-fur-den-privaten-gebrauch\/","author":{"@type":"Person","@id":"https:\/\/www.letmein.at\/author\/devene\/#Person","name":"devene","url":"https:\/\/www.letmein.at\/author\/devene\/","identifier":1,"image":{"@type":"ImageObject","@id":"https:\/\/secure.gravatar.com\/avatar\/739bdad9092f7204ebf16dfadfb581e3e92e1ade2f5cc299a7779b7760a7d2fc?s=96&d=mm&r=g","url":"https:\/\/secure.gravatar.com\/avatar\/739bdad9092f7204ebf16dfadfb581e3e92e1ade2f5cc299a7779b7760a7d2fc?s=96&d=mm&r=g","height":96,"width":96}},"publisher":{"@type":"Organization","name":"letmein.at","logo":{"@type":"ImageObject","@id":"\/logo.png","url":"\/logo.png","width":600,"height":60}},"image":null,"wordCount":30,"keywords":null},{"@type":"Article","@id":"https:\/\/www.letmein.at\/geld-stinkt-nicht\/","headline":"Geld stinkt nicht","url":"https:\/\/www.letmein.at\/geld-stinkt-nicht\/","datePublished":"2021-07-15","dateModified":"2021-07-15","mainEntityOfPage":"https:\/\/www.letmein.at\/geld-stinkt-nicht\/","author":{"@type":"Person","@id":"https:\/\/www.letmein.at\/author\/devene\/#Person","name":"devene","url":"https:\/\/www.letmein.at\/author\/devene\/","identifier":1,"image":{"@type":"ImageObject","@id":"https:\/\/secure.gravatar.com\/avatar\/739bdad9092f7204ebf16dfadfb581e3e92e1ade2f5cc299a7779b7760a7d2fc?s=96&d=mm&r=g","url":"https:\/\/secure.gravatar.com\/avatar\/739bdad9092f7204ebf16dfadfb581e3e92e1ade2f5cc299a7779b7760a7d2fc?s=96&d=mm&r=g","height":96,"width":96}},"publisher":{"@type":"Organization","name":"letmein.at","logo":{"@type":"ImageObject","@id":"\/logo.png","url":"\/logo.png","width":600,"height":60}},"image":{"@type":"ImageObject","@id":"https:\/\/www.letmein.at\/wp-content\/uploads\/img_a321094_w2173_t1532267449.jpg","url":"https:\/\/www.letmein.at\/wp-content\/uploads\/img_a321094_w2173_t1532267449.jpg","height":0,"width":0},"wordCount":537,"keywords":null},{"@type":"Article","@id":"https:\/\/www.letmein.at\/geschafte-mit-kindern\/","headline":"Gesch\u00e4fte mit Kindern","url":"https:\/\/www.letmein.at\/geschafte-mit-kindern\/","datePublished":"2021-07-04","dateModified":"2021-07-04","mainEntityOfPage":"https:\/\/www.letmein.at\/geschafte-mit-kindern\/","author":{"@type":"Person","@id":"https:\/\/www.letmein.at\/author\/devene\/#Person","name":"devene","url":"https:\/\/www.letmein.at\/author\/devene\/","identifier":1,"image":{"@type":"ImageObject","@id":"https:\/\/secure.gravatar.com\/avatar\/739bdad9092f7204ebf16dfadfb581e3e92e1ade2f5cc299a7779b7760a7d2fc?s=96&d=mm&r=g","url":"https:\/\/secure.gravatar.com\/avatar\/739bdad9092f7204ebf16dfadfb581e3e92e1ade2f5cc299a7779b7760a7d2fc?s=96&d=mm&r=g","height":96,"width":96}},"publisher":{"@type":"Organization","name":"letmein.at","logo":{"@type":"ImageObject","@id":"\/logo.png","url":"\/logo.png","width":600,"height":60}},"image":{"@type":"ImageObject","@id":"https:\/\/www.letmein.at\/wp-content\/uploads\/img_a333079_w2701_t1546204690.jpg","url":"https:\/\/www.letmein.at\/wp-content\/uploads\/img_a333079_w2701_t1546204690.jpg","height":0,"width":0},"wordCount":469,"keywords":null},{"@type":"Article","@id":"https:\/\/www.letmein.at\/8dvod-pro-pro-pin-up-tasche-und-veselou-modu\/","headline":"8d\u30edvod pro pro Pin-up-Tasche und veselou m\u00f3du","url":"https:\/\/www.letmein.at\/8dvod-pro-pro-pin-up-tasche-und-veselou-modu\/","datePublished":"2021-05-30","dateModified":"2021-05-30","mainEntityOfPage":"https:\/\/www.letmein.at\/8dvod-pro-pro-pin-up-tasche-und-veselou-modu\/","author":{"@type":"Person","@id":"https:\/\/www.letmein.at\/author\/devene\/#Person","name":"devene","url":"https:\/\/www.letmein.at\/author\/devene\/","identifier":1,"image":{"@type":"ImageObject","@id":"https:\/\/secure.gravatar.com\/avatar\/739bdad9092f7204ebf16dfadfb581e3e92e1ade2f5cc299a7779b7760a7d2fc?s=96&d=mm&r=g","url":"https:\/\/secure.gravatar.com\/avatar\/739bdad9092f7204ebf16dfadfb581e3e92e1ade2f5cc299a7779b7760a7d2fc?s=96&d=mm&r=g","height":96,"width":96}},"publisher":{"@type":"Organization","name":"letmein.at","logo":{"@type":"ImageObject","@id":"\/logo.png","url":"\/logo.png","width":600,"height":60}},"image":{"@type":"ImageObject","@id":"https:\/\/www.letmein.at\/wp-content\/uploads\/img_a291416_w2041_t1504035851.jpg","url":"https:\/\/www.letmein.at\/wp-content\/uploads\/img_a291416_w2041_t1504035851.jpg","height":0,"width":0},"wordCount":602,"keywords":null},{"@type":"Article","@id":"https:\/\/www.letmein.at\/demografie-in-saudi-arabien\/","headline":"Demografie in Saudi-Arabien","url":"https:\/\/www.letmein.at\/demografie-in-saudi-arabien\/","datePublished":"2021-05-21","dateModified":"2021-05-21","mainEntityOfPage":"https:\/\/www.letmein.at\/demografie-in-saudi-arabien\/","author":{"@type":"Person","@id":"https:\/\/www.letmein.at\/author\/devene\/#Person","name":"devene","url":"https:\/\/www.letmein.at\/author\/devene\/","identifier":1,"image":{"@type":"ImageObject","@id":"https:\/\/secure.gravatar.com\/avatar\/739bdad9092f7204ebf16dfadfb581e3e92e1ade2f5cc299a7779b7760a7d2fc?s=96&d=mm&r=g","url":"https:\/\/secure.gravatar.com\/avatar\/739bdad9092f7204ebf16dfadfb581e3e92e1ade2f5cc299a7779b7760a7d2fc?s=96&d=mm&r=g","height":96,"width":96}},"publisher":{"@type":"Organization","name":"letmein.at","logo":{"@type":"ImageObject","@id":"\/logo.png","url":"\/logo.png","width":600,"height":60}},"image":{"@type":"ImageObject","@id":"https:\/\/www.letmein.at\/wp-content\/uploads\/saudi%20arabia%20map.jpg","url":"https:\/\/www.letmein.at\/wp-content\/uploads\/saudi%20arabia%20map.jpg","height":0,"width":0},"wordCount":575,"keywords":null},{"@type":"Article","@id":"https:\/\/www.letmein.at\/tipps-fur-eine-tolle-geburtstagsfeier\/","headline":"Tipps f\u00fcr eine tolle Geburtstagsfeier","url":"https:\/\/www.letmein.at\/tipps-fur-eine-tolle-geburtstagsfeier\/","datePublished":"2021-05-19","dateModified":"2021-05-19","mainEntityOfPage":"https:\/\/www.letmein.at\/tipps-fur-eine-tolle-geburtstagsfeier\/","author":{"@type":"Person","@id":"https:\/\/www.letmein.at\/author\/devene\/#Person","name":"devene","url":"https:\/\/www.letmein.at\/author\/devene\/","identifier":1,"image":{"@type":"ImageObject","@id":"https:\/\/secure.gravatar.com\/avatar\/739bdad9092f7204ebf16dfadfb581e3e92e1ade2f5cc299a7779b7760a7d2fc?s=96&d=mm&r=g","url":"https:\/\/secure.gravatar.com\/avatar\/739bdad9092f7204ebf16dfadfb581e3e92e1ade2f5cc299a7779b7760a7d2fc?s=96&d=mm&r=g","height":96,"width":96}},"publisher":{"@type":"Organization","name":"letmein.at","logo":{"@type":"ImageObject","@id":"\/logo.png","url":"\/logo.png","width":600,"height":60}},"image":{"@type":"ImageObject","@id":"https:\/\/www.letmein.at\/wp-content\/uploads\/img_a319729_w2247_t1530807358.jpg","url":"https:\/\/www.letmein.at\/wp-content\/uploads\/img_a319729_w2247_t1530807358.jpg","height":0,"width":0},"wordCount":401,"keywords":null},{"@type":"Article","@id":"https:\/\/www.letmein.at\/eine-welt-mit-immer-mehr-geld-und-bedurfnissen\/","headline":"Eine Welt mit immer mehr Geld und Bed\u00fcrfnissen","url":"https:\/\/www.letmein.at\/eine-welt-mit-immer-mehr-geld-und-bedurfnissen\/","datePublished":"2021-05-19","dateModified":"2021-05-19","mainEntityOfPage":"https:\/\/www.letmein.at\/eine-welt-mit-immer-mehr-geld-und-bedurfnissen\/","author":{"@type":"Person","@id":"https:\/\/www.letmein.at\/author\/devene\/#Person","name":"devene","url":"https:\/\/www.letmein.at\/author\/devene\/","identifier":1,"image":{"@type":"ImageObject","@id":"https:\/\/secure.gravatar.com\/avatar\/739bdad9092f7204ebf16dfadfb581e3e92e1ade2f5cc299a7779b7760a7d2fc?s=96&d=mm&r=g","url":"https:\/\/secure.gravatar.com\/avatar\/739bdad9092f7204ebf16dfadfb581e3e92e1ade2f5cc299a7779b7760a7d2fc?s=96&d=mm&r=g","height":96,"width":96}},"publisher":{"@type":"Organization","name":"letmein.at","logo":{"@type":"ImageObject","@id":"\/logo.png","url":"\/logo.png","width":600,"height":60}},"image":{"@type":"ImageObject","@id":"https:\/\/www.letmein.at\/wp-content\/uploads\/img_a302858_w2006_t1512818622.jpg","url":"https:\/\/www.letmein.at\/wp-content\/uploads\/img_a302858_w2006_t1512818622.jpg","height":0,"width":0},"wordCount":412,"keywords":null},{"@type":"Article","@id":"https:\/\/www.letmein.at\/wohin-mit-den-tschechischen-weihnachtsmarkten\/","headline":"Wohin mit den tschechischen Weihnachtsm\u00e4rkten?","url":"https:\/\/www.letmein.at\/wohin-mit-den-tschechischen-weihnachtsmarkten\/","datePublished":"2021-05-15","dateModified":"2021-05-15","mainEntityOfPage":"https:\/\/www.letmein.at\/wohin-mit-den-tschechischen-weihnachtsmarkten\/","author":{"@type":"Person","@id":"https:\/\/www.letmein.at\/author\/devene\/#Person","name":"devene","url":"https:\/\/www.letmein.at\/author\/devene\/","identifier":1,"image":{"@type":"ImageObject","@id":"https:\/\/secure.gravatar.com\/avatar\/739bdad9092f7204ebf16dfadfb581e3e92e1ade2f5cc299a7779b7760a7d2fc?s=96&d=mm&r=g","url":"https:\/\/secure.gravatar.com\/avatar\/739bdad9092f7204ebf16dfadfb581e3e92e1ade2f5cc299a7779b7760a7d2fc?s=96&d=mm&r=g","height":96,"width":96}},"publisher":{"@type":"Organization","name":"letmein.at","logo":{"@type":"ImageObject","@id":"\/logo.png","url":"\/logo.png","width":600,"height":60}},"image":{"@type":"ImageObject","@id":"https:\/\/www.letmein.at\/wp-content\/uploads\/img_a301084_w1768_t1511187471.jpg","url":"https:\/\/www.letmein.at\/wp-content\/uploads\/img_a301084_w1768_t1511187471.jpg","height":0,"width":0},"wordCount":422,"keywords":null}]},{"@context":"https:\/\/schema.org","@type":"WebSite","@id":"https:\/\/www.letmein.at\/#website","name":"Let Mein","url":"https:\/\/www.letmein.at","potentialAction":{"@type":"SearchAction","target":"https:\/\/www.letmein.at\/?s={search_term_string}","query-input":"required name=search_term_string"}}]